{"id":14508,"date":"2025-10-06T13:53:57","date_gmt":"2025-10-06T11:53:57","guid":{"rendered":"https:\/\/www.wonderlandacademy.cz\/?p=14508"},"modified":"2025-10-06T13:53:58","modified_gmt":"2025-10-06T11:53:58","slug":"wonderland-academy-v-televiznich-novinach-na-tv-nova","status":"publish","type":"post","link":"https:\/\/www.wonderlandacademy.cz\/en\/2025\/10\/06\/wonderland-academy-v-televiznich-novinach-na-tv-nova\/","title":{"rendered":"Wonderland Academy v Televizn\u00edch novin\u00e1ch na TV Nova"},"content":{"rendered":"<p>V Televizn\u00edch novin\u00e1ch jsme mluvili o na\u0161ich uniform\u00e1ch a d\u016fvodech, pro\u010d jsme jednotn\u00e9 oble\u010den\u00ed pro \u017e\u00e1ky a studenty Wonderland Academy zavedli. <\/p>\n\n\n\n<figure class=\"wp-block-image size-large\"><img fetchpriority=\"high\" decoding=\"async\" width=\"1024\" height=\"490\" src=\"https:\/\/www.wonderlandacademy.cz\/wp-content\/uploads\/2025\/10\/IMG_6647-1024x490.jpeg\" alt=\"\" class=\"wp-image-14509\" srcset=\"https:\/\/www.wonderlandacademy.cz\/wp-content\/uploads\/2025\/10\/IMG_6647-1024x490.jpeg 1024w, https:\/\/www.wonderlandacademy.cz\/wp-content\/uploads\/2025\/10\/IMG_6647-300x144.jpeg 300w, https:\/\/www.wonderlandacademy.cz\/wp-content\/uploads\/2025\/10\/IMG_6647-768x368.jpeg 768w, https:\/\/www.wonderlandacademy.cz\/wp-content\/uploads\/2025\/10\/IMG_6647-18x9.jpeg 18w, https:\/\/www.wonderlandacademy.cz\/wp-content\/uploads\/2025\/10\/IMG_6647.jpeg 1284w\" sizes=\"(max-width: 1024px) 100vw, 1024px\" \/><figcaption class=\"wp-element-caption\">Screenshot<\/figcaption><\/figure>\n\n\n\n<figure class=\"wp-block-image size-large\"><img decoding=\"async\" width=\"1024\" height=\"473\" src=\"https:\/\/www.wonderlandacademy.cz\/wp-content\/uploads\/2025\/10\/IMG_6595-1024x473.jpeg\" alt=\"\" class=\"wp-image-14510\" srcset=\"https:\/\/www.wonderlandacademy.cz\/wp-content\/uploads\/2025\/10\/IMG_6595-1024x473.jpeg 1024w, https:\/\/www.wonderlandacademy.cz\/wp-content\/uploads\/2025\/10\/IMG_6595-300x139.jpeg 300w, https:\/\/www.wonderlandacademy.cz\/wp-content\/uploads\/2025\/10\/IMG_6595-768x355.jpeg 768w, https:\/\/www.wonderlandacademy.cz\/wp-content\/uploads\/2025\/10\/IMG_6595-1536x710.jpeg 1536w, https:\/\/www.wonderlandacademy.cz\/wp-content\/uploads\/2025\/10\/IMG_6595-2048x947.jpeg 2048w, https:\/\/www.wonderlandacademy.cz\/wp-content\/uploads\/2025\/10\/IMG_6595-18x8.jpeg 18w\" sizes=\"(max-width: 1024px) 100vw, 1024px\" \/><\/figure>","protected":false},"excerpt":{"rendered":"<p>V Televizn\u00edch novin\u00e1ch jsme mluvili o na\u0161ich uniform\u00e1ch a d\u016fvodech, pro\u010d jsme jednotn\u00e9 oble\u010den\u00ed pro \u017e\u00e1ky a studenty Wonderland Academy zavedli.<\/p>","protected":false},"author":10,"featured_media":14509,"comment_status":"open","ping_status":"open","sticky":false,"template":"","format":"standard","meta":{"footnotes":""},"categories":[8],"tags":[13,22],"class_list":["post-14508","post","type-post","status-publish","format-standard","has-post-thumbnail","hentry","category-aktuality","tag-zs","tag-zs2"],"yoast_head":"<!-- This site is optimized with the Yoast SEO plugin v24.3 - https:\/\/yoast.com\/wordpress\/plugins\/seo\/ -->\n<title>Wonderland Academy v Televizn\u00edch novin\u00e1ch na TV Nova - Z\u00e1kladn\u00ed \u0161kola Wonderland Academy<\/title>\n<meta name=\"robots\" content=\"index, follow, max-snippet:-1, max-image-preview:large, max-video-preview:-1\" \/>\n<link rel=\"canonical\" href=\"https:\/\/www.wonderlandacademy.cz\/en\/2025\/10\/06\/wonderland-academy-v-televiznich-novinach-na-tv-nova\/\" \/>\n<meta property=\"og:locale\" content=\"en_GB\" \/>\n<meta property=\"og:type\" content=\"article\" \/>\n<meta property=\"og:title\" content=\"Wonderland Academy v Televizn\u00edch novin\u00e1ch na TV Nova - Z\u00e1kladn\u00ed \u0161kola Wonderland Academy\" \/>\n<meta property=\"og:description\" content=\"V Televizn\u00edch novin\u00e1ch jsme mluvili o na\u0161ich uniform\u00e1ch a d\u016fvodech, pro\u010d jsme jednotn\u00e9 oble\u010den\u00ed pro \u017e\u00e1ky a studenty Wonderland Academy zavedli.\" \/>\n<meta property=\"og:url\" content=\"https:\/\/www.wonderlandacademy.cz\/en\/2025\/10\/06\/wonderland-academy-v-televiznich-novinach-na-tv-nova\/\" \/>\n<meta property=\"og:site_name\" content=\"Z\u00e1kladn\u00ed \u0161kola Wonderland Academy\" \/>\n<meta property=\"article:published_time\" content=\"2025-10-06T11:53:57+00:00\" \/>\n<meta property=\"article:modified_time\" content=\"2025-10-06T11:53:58+00:00\" \/>\n<meta property=\"og:image\" content=\"https:\/\/www.wonderlandacademy.cz\/wp-content\/uploads\/2025\/10\/IMG_6647.jpeg\" \/>\n\t<meta property=\"og:image:width\" content=\"1284\" \/>\n\t<meta property=\"og:image:height\" content=\"615\" \/>\n\t<meta property=\"og:image:type\" content=\"image\/jpeg\" \/>\n<meta name=\"author\" content=\"Lucie Gaido\u0161ov\u00e1\" \/>\n<meta name=\"twitter:card\" content=\"summary_large_image\" \/>\n<meta name=\"twitter:label1\" content=\"Written by\" \/>\n\t<meta name=\"twitter:data1\" content=\"Lucie Gaido\u0161ov\u00e1\" \/>\n\t<meta name=\"twitter:label2\" content=\"Estimated reading time\" \/>\n\t<meta name=\"twitter:data2\" content=\"1 minute\" \/>\n<script type=\"application\/ld+json\" class=\"yoast-schema-graph\">{\"@context\":\"https:\/\/schema.org\",\"@graph\":[{\"@type\":\"Article\",\"@id\":\"https:\/\/www.wonderlandacademy.cz\/2025\/10\/06\/wonderland-academy-v-televiznich-novinach-na-tv-nova\/#article\",\"isPartOf\":{\"@id\":\"https:\/\/www.wonderlandacademy.cz\/2025\/10\/06\/wonderland-academy-v-televiznich-novinach-na-tv-nova\/\"},\"author\":{\"name\":\"Lucie Gaido\u0161ov\u00e1\",\"@id\":\"https:\/\/www.wonderlandacademy.cz\/#\/schema\/person\/2d1f118eb23c58d5436f89babdfb30cd\"},\"headline\":\"Wonderland Academy v Televizn\u00edch novin\u00e1ch na TV Nova\",\"datePublished\":\"2025-10-06T11:53:57+00:00\",\"dateModified\":\"2025-10-06T11:53:58+00:00\",\"mainEntityOfPage\":{\"@id\":\"https:\/\/www.wonderlandacademy.cz\/2025\/10\/06\/wonderland-academy-v-televiznich-novinach-na-tv-nova\/\"},\"wordCount\":38,\"commentCount\":0,\"publisher\":{\"@id\":\"https:\/\/www.wonderlandacademy.cz\/#organization\"},\"image\":{\"@id\":\"https:\/\/www.wonderlandacademy.cz\/2025\/10\/06\/wonderland-academy-v-televiznich-novinach-na-tv-nova\/#primaryimage\"},\"thumbnailUrl\":\"https:\/\/www.wonderlandacademy.cz\/wp-content\/uploads\/2025\/10\/IMG_6647.jpeg\",\"keywords\":[\"Z\u00e1kladn\u00ed \u0161kola\",\"Z\u01602\"],\"articleSection\":[\"Aktuality\"],\"inLanguage\":\"en-GB\",\"potentialAction\":[{\"@type\":\"CommentAction\",\"name\":\"Comment\",\"target\":[\"https:\/\/www.wonderlandacademy.cz\/2025\/10\/06\/wonderland-academy-v-televiznich-novinach-na-tv-nova\/#respond\"]}]},{\"@type\":\"WebPage\",\"@id\":\"https:\/\/www.wonderlandacademy.cz\/2025\/10\/06\/wonderland-academy-v-televiznich-novinach-na-tv-nova\/\",\"url\":\"https:\/\/www.wonderlandacademy.cz\/2025\/10\/06\/wonderland-academy-v-televiznich-novinach-na-tv-nova\/\",\"name\":\"Wonderland Academy v Televizn\u00edch novin\u00e1ch na TV Nova - Z\u00e1kladn\u00ed \u0161kola Wonderland Academy\",\"isPartOf\":{\"@id\":\"https:\/\/www.wonderlandacademy.cz\/#website\"},\"primaryImageOfPage\":{\"@id\":\"https:\/\/www.wonderlandacademy.cz\/2025\/10\/06\/wonderland-academy-v-televiznich-novinach-na-tv-nova\/#primaryimage\"},\"image\":{\"@id\":\"https:\/\/www.wonderlandacademy.cz\/2025\/10\/06\/wonderland-academy-v-televiznich-novinach-na-tv-nova\/#primaryimage\"},\"thumbnailUrl\":\"https:\/\/www.wonderlandacademy.cz\/wp-content\/uploads\/2025\/10\/IMG_6647.jpeg\",\"datePublished\":\"2025-10-06T11:53:57+00:00\",\"dateModified\":\"2025-10-06T11:53:58+00:00\",\"breadcrumb\":{\"@id\":\"https:\/\/www.wonderlandacademy.cz\/2025\/10\/06\/wonderland-academy-v-televiznich-novinach-na-tv-nova\/#breadcrumb\"},\"inLanguage\":\"en-GB\",\"potentialAction\":[{\"@type\":\"ReadAction\",\"target\":[\"https:\/\/www.wonderlandacademy.cz\/2025\/10\/06\/wonderland-academy-v-televiznich-novinach-na-tv-nova\/\"]}]},{\"@type\":\"ImageObject\",\"inLanguage\":\"en-GB\",\"@id\":\"https:\/\/www.wonderlandacademy.cz\/2025\/10\/06\/wonderland-academy-v-televiznich-novinach-na-tv-nova\/#primaryimage\",\"url\":\"https:\/\/www.wonderlandacademy.cz\/wp-content\/uploads\/2025\/10\/IMG_6647.jpeg\",\"contentUrl\":\"https:\/\/www.wonderlandacademy.cz\/wp-content\/uploads\/2025\/10\/IMG_6647.jpeg\",\"width\":1284,\"height\":615,\"caption\":\"Screenshot\"},{\"@type\":\"BreadcrumbList\",\"@id\":\"https:\/\/www.wonderlandacademy.cz\/2025\/10\/06\/wonderland-academy-v-televiznich-novinach-na-tv-nova\/#breadcrumb\",\"itemListElement\":[{\"@type\":\"ListItem\",\"position\":1,\"name\":\"Dom\u016f\",\"item\":\"https:\/\/www.wonderlandacademy.cz\/\"},{\"@type\":\"ListItem\",\"position\":2,\"name\":\"Wonderland Academy v Televizn\u00edch novin\u00e1ch na TV Nova\"}]},{\"@type\":\"WebSite\",\"@id\":\"https:\/\/www.wonderlandacademy.cz\/#website\",\"url\":\"https:\/\/www.wonderlandacademy.cz\/\",\"name\":\"Z\u00e1kladn\u00ed \u0161kola Wonderland Academy\",\"description\":\"Tvo\u0159\u00edme budoucnost Va\u0161ich d\u011bt\u00ed\",\"publisher\":{\"@id\":\"https:\/\/www.wonderlandacademy.cz\/#organization\"},\"potentialAction\":[{\"@type\":\"SearchAction\",\"target\":{\"@type\":\"EntryPoint\",\"urlTemplate\":\"https:\/\/www.wonderlandacademy.cz\/?s={search_term_string}\"},\"query-input\":{\"@type\":\"PropertyValueSpecification\",\"valueRequired\":true,\"valueName\":\"search_term_string\"}}],\"inLanguage\":\"en-GB\"},{\"@type\":\"Organization\",\"@id\":\"https:\/\/www.wonderlandacademy.cz\/#organization\",\"name\":\"Z\u00e1kladn\u00ed \u0161kola Wonderland Academy\",\"url\":\"https:\/\/www.wonderlandacademy.cz\/\",\"logo\":{\"@type\":\"ImageObject\",\"inLanguage\":\"en-GB\",\"@id\":\"https:\/\/www.wonderlandacademy.cz\/#\/schema\/logo\/image\/\",\"url\":\"https:\/\/www.wonderlandacademy.cz\/wp-content\/uploads\/2021\/12\/logo-wa3.svg\",\"contentUrl\":\"https:\/\/www.wonderlandacademy.cz\/wp-content\/uploads\/2021\/12\/logo-wa3.svg\",\"width\":100,\"height\":100,\"caption\":\"Z\u00e1kladn\u00ed \u0161kola Wonderland Academy\"},\"image\":{\"@id\":\"https:\/\/www.wonderlandacademy.cz\/#\/schema\/logo\/image\/\"}},{\"@type\":\"Person\",\"@id\":\"https:\/\/www.wonderlandacademy.cz\/#\/schema\/person\/2d1f118eb23c58d5436f89babdfb30cd\",\"name\":\"Lucie Gaido\u0161ov\u00e1\",\"image\":{\"@type\":\"ImageObject\",\"inLanguage\":\"en-GB\",\"@id\":\"https:\/\/www.wonderlandacademy.cz\/#\/schema\/person\/image\/\",\"url\":\"https:\/\/secure.gravatar.com\/avatar\/267d9a2b02cc8d35f0985ce84d21791bea51d8c8736a7e6fae79e8b38bfca352?s=96&d=mm&r=g\",\"contentUrl\":\"https:\/\/secure.gravatar.com\/avatar\/267d9a2b02cc8d35f0985ce84d21791bea51d8c8736a7e6fae79e8b38bfca352?s=96&d=mm&r=g\",\"caption\":\"Lucie Gaido\u0161ov\u00e1\"},\"url\":\"https:\/\/www.wonderlandacademy.cz\/en\/author\/lucgaidoswonder\/\"}]}<\/script>\n<!-- \/ Yoast SEO plugin. -->","yoast_head_json":{"title":"Wonderland Academy v Televizn\u00edch novin\u00e1ch na TV Nova - Z\u00e1kladn\u00ed \u0161kola Wonderland Academy","robots":{"index":"index","follow":"follow","max-snippet":"max-snippet:-1","max-image-preview":"max-image-preview:large","max-video-preview":"max-video-preview:-1"},"canonical":"https:\/\/www.wonderlandacademy.cz\/en\/2025\/10\/06\/wonderland-academy-v-televiznich-novinach-na-tv-nova\/","og_locale":"en_GB","og_type":"article","og_title":"Wonderland Academy v Televizn\u00edch novin\u00e1ch na TV Nova - Z\u00e1kladn\u00ed \u0161kola Wonderland Academy","og_description":"V Televizn\u00edch novin\u00e1ch jsme mluvili o na\u0161ich uniform\u00e1ch a d\u016fvodech, pro\u010d jsme jednotn\u00e9 oble\u010den\u00ed pro \u017e\u00e1ky a studenty Wonderland Academy zavedli.","og_url":"https:\/\/www.wonderlandacademy.cz\/en\/2025\/10\/06\/wonderland-academy-v-televiznich-novinach-na-tv-nova\/","og_site_name":"Z\u00e1kladn\u00ed \u0161kola Wonderland Academy","article_published_time":"2025-10-06T11:53:57+00:00","article_modified_time":"2025-10-06T11:53:58+00:00","og_image":[{"width":1284,"height":615,"url":"https:\/\/www.wonderlandacademy.cz\/wp-content\/uploads\/2025\/10\/IMG_6647.jpeg","type":"image\/jpeg"}],"author":"Lucie Gaido\u0161ov\u00e1","twitter_card":"summary_large_image","twitter_misc":{"Written by":"Lucie Gaido\u0161ov\u00e1","Estimated reading time":"1 minute"},"schema":{"@context":"https:\/\/schema.org","@graph":[{"@type":"Article","@id":"https:\/\/www.wonderlandacademy.cz\/2025\/10\/06\/wonderland-academy-v-televiznich-novinach-na-tv-nova\/#article","isPartOf":{"@id":"https:\/\/www.wonderlandacademy.cz\/2025\/10\/06\/wonderland-academy-v-televiznich-novinach-na-tv-nova\/"},"author":{"name":"Lucie Gaido\u0161ov\u00e1","@id":"https:\/\/www.wonderlandacademy.cz\/#\/schema\/person\/2d1f118eb23c58d5436f89babdfb30cd"},"headline":"Wonderland Academy v Televizn\u00edch novin\u00e1ch na TV Nova","datePublished":"2025-10-06T11:53:57+00:00","dateModified":"2025-10-06T11:53:58+00:00","mainEntityOfPage":{"@id":"https:\/\/www.wonderlandacademy.cz\/2025\/10\/06\/wonderland-academy-v-televiznich-novinach-na-tv-nova\/"},"wordCount":38,"commentCount":0,"publisher":{"@id":"https:\/\/www.wonderlandacademy.cz\/#organization"},"image":{"@id":"https:\/\/www.wonderlandacademy.cz\/2025\/10\/06\/wonderland-academy-v-televiznich-novinach-na-tv-nova\/#primaryimage"},"thumbnailUrl":"https:\/\/www.wonderlandacademy.cz\/wp-content\/uploads\/2025\/10\/IMG_6647.jpeg","keywords":["Z\u00e1kladn\u00ed \u0161kola","Z\u01602"],"articleSection":["Aktuality"],"inLanguage":"en-GB","potentialAction":[{"@type":"CommentAction","name":"Comment","target":["https:\/\/www.wonderlandacademy.cz\/2025\/10\/06\/wonderland-academy-v-televiznich-novinach-na-tv-nova\/#respond"]}]},{"@type":"WebPage","@id":"https:\/\/www.wonderlandacademy.cz\/2025\/10\/06\/wonderland-academy-v-televiznich-novinach-na-tv-nova\/","url":"https:\/\/www.wonderlandacademy.cz\/2025\/10\/06\/wonderland-academy-v-televiznich-novinach-na-tv-nova\/","name":"Wonderland Academy v Televizn\u00edch novin\u00e1ch na TV Nova - Z\u00e1kladn\u00ed \u0161kola Wonderland Academy","isPartOf":{"@id":"https:\/\/www.wonderlandacademy.cz\/#website"},"primaryImageOfPage":{"@id":"https:\/\/www.wonderlandacademy.cz\/2025\/10\/06\/wonderland-academy-v-televiznich-novinach-na-tv-nova\/#primaryimage"},"image":{"@id":"https:\/\/www.wonderlandacademy.cz\/2025\/10\/06\/wonderland-academy-v-televiznich-novinach-na-tv-nova\/#primaryimage"},"thumbnailUrl":"https:\/\/www.wonderlandacademy.cz\/wp-content\/uploads\/2025\/10\/IMG_6647.jpeg","datePublished":"2025-10-06T11:53:57+00:00","dateModified":"2025-10-06T11:53:58+00:00","breadcrumb":{"@id":"https:\/\/www.wonderlandacademy.cz\/2025\/10\/06\/wonderland-academy-v-televiznich-novinach-na-tv-nova\/#breadcrumb"},"inLanguage":"en-GB","potentialAction":[{"@type":"ReadAction","target":["https:\/\/www.wonderlandacademy.cz\/2025\/10\/06\/wonderland-academy-v-televiznich-novinach-na-tv-nova\/"]}]},{"@type":"ImageObject","inLanguage":"en-GB","@id":"https:\/\/www.wonderlandacademy.cz\/2025\/10\/06\/wonderland-academy-v-televiznich-novinach-na-tv-nova\/#primaryimage","url":"https:\/\/www.wonderlandacademy.cz\/wp-content\/uploads\/2025\/10\/IMG_6647.jpeg","contentUrl":"https:\/\/www.wonderlandacademy.cz\/wp-content\/uploads\/2025\/10\/IMG_6647.jpeg","width":1284,"height":615,"caption":"Screenshot"},{"@type":"BreadcrumbList","@id":"https:\/\/www.wonderlandacademy.cz\/2025\/10\/06\/wonderland-academy-v-televiznich-novinach-na-tv-nova\/#breadcrumb","itemListElement":[{"@type":"ListItem","position":1,"name":"Dom\u016f","item":"https:\/\/www.wonderlandacademy.cz\/"},{"@type":"ListItem","position":2,"name":"Wonderland Academy v Televizn\u00edch novin\u00e1ch na TV Nova"}]},{"@type":"WebSite","@id":"https:\/\/www.wonderlandacademy.cz\/#website","url":"https:\/\/www.wonderlandacademy.cz\/","name":"Z\u00e1kladn\u00ed \u0161kola Wonderland Academy","description":"Tvo\u0159\u00edme budoucnost Va\u0161ich d\u011bt\u00ed","publisher":{"@id":"https:\/\/www.wonderlandacademy.cz\/#organization"},"potentialAction":[{"@type":"SearchAction","target":{"@type":"EntryPoint","urlTemplate":"https:\/\/www.wonderlandacademy.cz\/?s={search_term_string}"},"query-input":{"@type":"PropertyValueSpecification","valueRequired":true,"valueName":"search_term_string"}}],"inLanguage":"en-GB"},{"@type":"Organization","@id":"https:\/\/www.wonderlandacademy.cz\/#organization","name":"Z\u00e1kladn\u00ed \u0161kola Wonderland Academy","url":"https:\/\/www.wonderlandacademy.cz\/","logo":{"@type":"ImageObject","inLanguage":"en-GB","@id":"https:\/\/www.wonderlandacademy.cz\/#\/schema\/logo\/image\/","url":"https:\/\/www.wonderlandacademy.cz\/wp-content\/uploads\/2021\/12\/logo-wa3.svg","contentUrl":"https:\/\/www.wonderlandacademy.cz\/wp-content\/uploads\/2021\/12\/logo-wa3.svg","width":100,"height":100,"caption":"Z\u00e1kladn\u00ed \u0161kola Wonderland Academy"},"image":{"@id":"https:\/\/www.wonderlandacademy.cz\/#\/schema\/logo\/image\/"}},{"@type":"Person","@id":"https:\/\/www.wonderlandacademy.cz\/#\/schema\/person\/2d1f118eb23c58d5436f89babdfb30cd","name":"Lucie Gaido\u0161ov\u00e1","image":{"@type":"ImageObject","inLanguage":"en-GB","@id":"https:\/\/www.wonderlandacademy.cz\/#\/schema\/person\/image\/","url":"https:\/\/secure.gravatar.com\/avatar\/267d9a2b02cc8d35f0985ce84d21791bea51d8c8736a7e6fae79e8b38bfca352?s=96&d=mm&r=g","contentUrl":"https:\/\/secure.gravatar.com\/avatar\/267d9a2b02cc8d35f0985ce84d21791bea51d8c8736a7e6fae79e8b38bfca352?s=96&d=mm&r=g","caption":"Lucie Gaido\u0161ov\u00e1"},"url":"https:\/\/www.wonderlandacademy.cz\/en\/author\/lucgaidoswonder\/"}]}},"publishpress_future_action":{"enabled":false,"date":"2026-05-10 17:37:13","action":"change-status","newStatus":"draft","terms":[],"taxonomy":"category"},"publishpress_future_workflow_manual_trigger":{"enabledWorkflows":[]},"_links":{"self":[{"href":"https:\/\/www.wonderlandacademy.cz\/en\/wp-json\/wp\/v2\/posts\/14508","targetHints":{"allow":["GET"]}}],"collection":[{"href":"https:\/\/www.wonderlandacademy.cz\/en\/wp-json\/wp\/v2\/posts"}],"about":[{"href":"https:\/\/www.wonderlandacademy.cz\/en\/wp-json\/wp\/v2\/types\/post"}],"author":[{"embeddable":true,"href":"https:\/\/www.wonderlandacademy.cz\/en\/wp-json\/wp\/v2\/users\/10"}],"replies":[{"embeddable":true,"href":"https:\/\/www.wonderlandacademy.cz\/en\/wp-json\/wp\/v2\/comments?post=14508"}],"version-history":[{"count":1,"href":"https:\/\/www.wonderlandacademy.cz\/en\/wp-json\/wp\/v2\/posts\/14508\/revisions"}],"predecessor-version":[{"id":14511,"href":"https:\/\/www.wonderlandacademy.cz\/en\/wp-json\/wp\/v2\/posts\/14508\/revisions\/14511"}],"wp:featuredmedia":[{"embeddable":true,"href":"https:\/\/www.wonderlandacademy.cz\/en\/wp-json\/wp\/v2\/media\/14509"}],"wp:attachment":[{"href":"https:\/\/www.wonderlandacademy.cz\/en\/wp-json\/wp\/v2\/media?parent=14508"}],"wp:term":[{"taxonomy":"category","embeddable":true,"href":"https:\/\/www.wonderlandacademy.cz\/en\/wp-json\/wp\/v2\/categories?post=14508"},{"taxonomy":"post_tag","embeddable":true,"href":"https:\/\/www.wonderlandacademy.cz\/en\/wp-json\/wp\/v2\/tags?post=14508"}],"curies":[{"name":"wp","href":"https:\/\/api.w.org\/{rel}","templated":true}]}}