{"id":14258,"date":"2025-09-02T07:46:36","date_gmt":"2025-09-02T05:46:36","guid":{"rendered":"https:\/\/www.wonderlandacademy.cz\/?p=14258"},"modified":"2025-09-02T07:46:40","modified_gmt":"2025-09-02T05:46:40","slug":"prvni-skolni-den-prinesl-spoustu-radosti","status":"publish","type":"post","link":"https:\/\/www.wonderlandacademy.cz\/en\/2025\/09\/02\/prvni-skolni-den-prinesl-spoustu-radosti\/","title":{"rendered":"Prvn\u00ed \u0161koln\u00ed den p\u0159inesl spoustu radosti"},"content":{"rendered":"<p>I letos jsme p\u0159iv\u00edtali v\u0161echny \u017e\u00e1ky Wonderland Academy. U\u017e tradi\u010dn\u011b se uskute\u010dnil i slavnost\u00ed ceremoni\u00e1l, p\u0159i kter\u00e9m jsme p\u0159iv\u00edtali na\u0161e prv\u0148\u00e1\u010dky a nov\u00e9 \u017e\u00e1ky a studenty, kte\u0159\u00ed budou z\u00edsk\u00e1vat cenn\u00e9 znalosti pr\u00e1v\u011b na na\u0161\u00ed \u0161kole. V\u0161em p\u0159ejeme \u00fasp\u011b\u0161n\u00fd start do nov\u00e9ho \u0161koln\u00edho roku!<\/p>\n\n\n\n<figure class=\"wp-block-image size-large\"><img fetchpriority=\"high\" decoding=\"async\" width=\"1024\" height=\"683\" src=\"https:\/\/www.wonderlandacademy.cz\/wp-content\/uploads\/2025\/09\/33-1024x683.jpg\" alt=\"\" class=\"wp-image-14259\" srcset=\"https:\/\/www.wonderlandacademy.cz\/wp-content\/uploads\/2025\/09\/33-1024x683.jpg 1024w, https:\/\/www.wonderlandacademy.cz\/wp-content\/uploads\/2025\/09\/33-300x200.jpg 300w, https:\/\/www.wonderlandacademy.cz\/wp-content\/uploads\/2025\/09\/33-768x512.jpg 768w, https:\/\/www.wonderlandacademy.cz\/wp-content\/uploads\/2025\/09\/33-1536x1024.jpg 1536w, https:\/\/www.wonderlandacademy.cz\/wp-content\/uploads\/2025\/09\/33-2048x1365.jpg 2048w, https:\/\/www.wonderlandacademy.cz\/wp-content\/uploads\/2025\/09\/33-18x12.jpg 18w\" sizes=\"(max-width: 1024px) 100vw, 1024px\" \/><\/figure>\n\n\n\n<figure class=\"wp-block-image size-large\"><img decoding=\"async\" width=\"1024\" height=\"683\" src=\"https:\/\/www.wonderlandacademy.cz\/wp-content\/uploads\/2025\/09\/79-1024x683.jpg\" alt=\"\" class=\"wp-image-14260\" srcset=\"https:\/\/www.wonderlandacademy.cz\/wp-content\/uploads\/2025\/09\/79-1024x683.jpg 1024w, https:\/\/www.wonderlandacademy.cz\/wp-content\/uploads\/2025\/09\/79-300x200.jpg 300w, https:\/\/www.wonderlandacademy.cz\/wp-content\/uploads\/2025\/09\/79-768x512.jpg 768w, https:\/\/www.wonderlandacademy.cz\/wp-content\/uploads\/2025\/09\/79-1536x1024.jpg 1536w, https:\/\/www.wonderlandacademy.cz\/wp-content\/uploads\/2025\/09\/79-2048x1365.jpg 2048w, https:\/\/www.wonderlandacademy.cz\/wp-content\/uploads\/2025\/09\/79-18x12.jpg 18w\" sizes=\"(max-width: 1024px) 100vw, 1024px\" \/><\/figure>\n\n\n\n<figure class=\"wp-block-gallery has-nested-images columns-default is-cropped wp-block-gallery-1 is-layout-flex wp-block-gallery-is-layout-flex\">\n<figure class=\"wp-block-image size-large\"><img decoding=\"async\" width=\"1024\" height=\"683\" data-id=\"14261\" src=\"https:\/\/www.wonderlandacademy.cz\/wp-content\/uploads\/2025\/09\/29-1024x683.jpg\" alt=\"\" class=\"wp-image-14261\" srcset=\"https:\/\/www.wonderlandacademy.cz\/wp-content\/uploads\/2025\/09\/29-1024x683.jpg 1024w, https:\/\/www.wonderlandacademy.cz\/wp-content\/uploads\/2025\/09\/29-300x200.jpg 300w, https:\/\/www.wonderlandacademy.cz\/wp-content\/uploads\/2025\/09\/29-768x512.jpg 768w, https:\/\/www.wonderlandacademy.cz\/wp-content\/uploads\/2025\/09\/29-1536x1024.jpg 1536w, https:\/\/www.wonderlandacademy.cz\/wp-content\/uploads\/2025\/09\/29-2048x1365.jpg 2048w, https:\/\/www.wonderlandacademy.cz\/wp-content\/uploads\/2025\/09\/29-18x12.jpg 18w\" sizes=\"(max-width: 1024px) 100vw, 1024px\" \/><\/figure>\n<\/figure>\n\n\n\n<figure class=\"wp-block-image size-large\"><img loading=\"lazy\" decoding=\"async\" width=\"683\" height=\"1024\" src=\"https:\/\/www.wonderlandacademy.cz\/wp-content\/uploads\/2025\/09\/53-683x1024.jpg\" alt=\"\" class=\"wp-image-14265\" srcset=\"https:\/\/www.wonderlandacademy.cz\/wp-content\/uploads\/2025\/09\/53-683x1024.jpg 683w, https:\/\/www.wonderlandacademy.cz\/wp-content\/uploads\/2025\/09\/53-200x300.jpg 200w, https:\/\/www.wonderlandacademy.cz\/wp-content\/uploads\/2025\/09\/53-768x1152.jpg 768w, https:\/\/www.wonderlandacademy.cz\/wp-content\/uploads\/2025\/09\/53-1024x1536.jpg 1024w, https:\/\/www.wonderlandacademy.cz\/wp-content\/uploads\/2025\/09\/53-1365x2048.jpg 1365w, https:\/\/www.wonderlandacademy.cz\/wp-content\/uploads\/2025\/09\/53-8x12.jpg 8w, https:\/\/www.wonderlandacademy.cz\/wp-content\/uploads\/2025\/09\/53-scaled.jpg 1707w\" sizes=\"(max-width: 683px) 100vw, 683px\" \/><\/figure>\n\n\n\n<figure class=\"wp-block-image size-large\"><img loading=\"lazy\" decoding=\"async\" width=\"1024\" height=\"683\" src=\"https:\/\/www.wonderlandacademy.cz\/wp-content\/uploads\/2025\/09\/4-1024x683.jpg\" alt=\"\" class=\"wp-image-14266\" srcset=\"https:\/\/www.wonderlandacademy.cz\/wp-content\/uploads\/2025\/09\/4-1024x683.jpg 1024w, https:\/\/www.wonderlandacademy.cz\/wp-content\/uploads\/2025\/09\/4-300x200.jpg 300w, https:\/\/www.wonderlandacademy.cz\/wp-content\/uploads\/2025\/09\/4-768x512.jpg 768w, https:\/\/www.wonderlandacademy.cz\/wp-content\/uploads\/2025\/09\/4-1536x1024.jpg 1536w, https:\/\/www.wonderlandacademy.cz\/wp-content\/uploads\/2025\/09\/4-2048x1365.jpg 2048w, https:\/\/www.wonderlandacademy.cz\/wp-content\/uploads\/2025\/09\/4-18x12.jpg 18w\" sizes=\"(max-width: 1024px) 100vw, 1024px\" \/><\/figure>","protected":false},"excerpt":{"rendered":"<p>I letos jsme p\u0159iv\u00edtali v\u0161echny \u017e\u00e1ky Wonderland Academy. U\u017e tradi\u010dn\u011b se uskute\u010dnil i slavnost\u00ed ceremoni\u00e1l, p\u0159i kter\u00e9m jsme p\u0159iv\u00edtali na\u0161e prv\u0148\u00e1\u010dky a nov\u00e9 \u017e\u00e1ky a studenty, kte\u0159\u00ed budou z\u00edsk\u00e1vat cenn\u00e9 znalosti pr\u00e1v\u011b na na\u0161\u00ed \u0161kole. V\u0161em p\u0159ejeme \u00fasp\u011b\u0161n\u00fd start do nov\u00e9ho \u0161koln\u00edho roku!<\/p>","protected":false},"author":10,"featured_media":14259,"comment_status":"open","ping_status":"open","sticky":false,"template":"","format":"standard","meta":{"footnotes":""},"categories":[8],"tags":[13,22],"class_list":["post-14258","post","type-post","status-publish","format-standard","has-post-thumbnail","hentry","category-aktuality","tag-zs","tag-zs2"],"yoast_head":"<!-- This site is optimized with the Yoast SEO plugin v24.3 - https:\/\/yoast.com\/wordpress\/plugins\/seo\/ -->\n<title>Prvn\u00ed \u0161koln\u00ed den p\u0159inesl spoustu radosti - Z\u00e1kladn\u00ed \u0161kola Wonderland Academy<\/title>\n<meta name=\"robots\" content=\"index, follow, max-snippet:-1, max-image-preview:large, max-video-preview:-1\" \/>\n<link rel=\"canonical\" href=\"https:\/\/www.wonderlandacademy.cz\/en\/2025\/09\/02\/prvni-skolni-den-prinesl-spoustu-radosti\/\" \/>\n<meta property=\"og:locale\" content=\"en_GB\" \/>\n<meta property=\"og:type\" content=\"article\" \/>\n<meta property=\"og:title\" content=\"Prvn\u00ed \u0161koln\u00ed den p\u0159inesl spoustu radosti - Z\u00e1kladn\u00ed \u0161kola Wonderland Academy\" \/>\n<meta property=\"og:description\" content=\"I letos jsme p\u0159iv\u00edtali v\u0161echny \u017e\u00e1ky Wonderland Academy. U\u017e tradi\u010dn\u011b se uskute\u010dnil i slavnost\u00ed ceremoni\u00e1l, p\u0159i kter\u00e9m jsme p\u0159iv\u00edtali na\u0161e prv\u0148\u00e1\u010dky a nov\u00e9 \u017e\u00e1ky a studenty, kte\u0159\u00ed budou z\u00edsk\u00e1vat cenn\u00e9 znalosti pr\u00e1v\u011b na na\u0161\u00ed \u0161kole. V\u0161em p\u0159ejeme \u00fasp\u011b\u0161n\u00fd start do nov\u00e9ho \u0161koln\u00edho roku!\" \/>\n<meta property=\"og:url\" content=\"https:\/\/www.wonderlandacademy.cz\/en\/2025\/09\/02\/prvni-skolni-den-prinesl-spoustu-radosti\/\" \/>\n<meta property=\"og:site_name\" content=\"Z\u00e1kladn\u00ed \u0161kola Wonderland Academy\" \/>\n<meta property=\"article:published_time\" content=\"2025-09-02T05:46:36+00:00\" \/>\n<meta property=\"article:modified_time\" content=\"2025-09-02T05:46:40+00:00\" \/>\n<meta property=\"og:image\" content=\"https:\/\/www.wonderlandacademy.cz\/wp-content\/uploads\/2025\/09\/33-scaled.jpg\" \/>\n\t<meta property=\"og:image:width\" content=\"2560\" \/>\n\t<meta property=\"og:image:height\" content=\"1707\" \/>\n\t<meta property=\"og:image:type\" content=\"image\/jpeg\" \/>\n<meta name=\"author\" content=\"Lucie Gaido\u0161ov\u00e1\" \/>\n<meta name=\"twitter:card\" content=\"summary_large_image\" \/>\n<meta name=\"twitter:label1\" content=\"Written by\" \/>\n\t<meta name=\"twitter:data1\" content=\"Lucie Gaido\u0161ov\u00e1\" \/>\n\t<meta name=\"twitter:label2\" content=\"Estimated reading time\" \/>\n\t<meta name=\"twitter:data2\" content=\"2 minutes\" \/>\n<script type=\"application\/ld+json\" class=\"yoast-schema-graph\">{\"@context\":\"https:\/\/schema.org\",\"@graph\":[{\"@type\":\"Article\",\"@id\":\"https:\/\/www.wonderlandacademy.cz\/2025\/09\/02\/prvni-skolni-den-prinesl-spoustu-radosti\/#article\",\"isPartOf\":{\"@id\":\"https:\/\/www.wonderlandacademy.cz\/2025\/09\/02\/prvni-skolni-den-prinesl-spoustu-radosti\/\"},\"author\":{\"name\":\"Lucie Gaido\u0161ov\u00e1\",\"@id\":\"https:\/\/www.wonderlandacademy.cz\/#\/schema\/person\/2d1f118eb23c58d5436f89babdfb30cd\"},\"headline\":\"Prvn\u00ed \u0161koln\u00ed den p\u0159inesl spoustu radosti\",\"datePublished\":\"2025-09-02T05:46:36+00:00\",\"dateModified\":\"2025-09-02T05:46:40+00:00\",\"mainEntityOfPage\":{\"@id\":\"https:\/\/www.wonderlandacademy.cz\/2025\/09\/02\/prvni-skolni-den-prinesl-spoustu-radosti\/\"},\"wordCount\":70,\"commentCount\":0,\"publisher\":{\"@id\":\"https:\/\/www.wonderlandacademy.cz\/#organization\"},\"image\":{\"@id\":\"https:\/\/www.wonderlandacademy.cz\/2025\/09\/02\/prvni-skolni-den-prinesl-spoustu-radosti\/#primaryimage\"},\"thumbnailUrl\":\"https:\/\/www.wonderlandacademy.cz\/wp-content\/uploads\/2025\/09\/33-scaled.jpg\",\"keywords\":[\"Z\u00e1kladn\u00ed \u0161kola\",\"Z\u01602\"],\"articleSection\":[\"Aktuality\"],\"inLanguage\":\"en-GB\",\"potentialAction\":[{\"@type\":\"CommentAction\",\"name\":\"Comment\",\"target\":[\"https:\/\/www.wonderlandacademy.cz\/2025\/09\/02\/prvni-skolni-den-prinesl-spoustu-radosti\/#respond\"]}]},{\"@type\":\"WebPage\",\"@id\":\"https:\/\/www.wonderlandacademy.cz\/2025\/09\/02\/prvni-skolni-den-prinesl-spoustu-radosti\/\",\"url\":\"https:\/\/www.wonderlandacademy.cz\/2025\/09\/02\/prvni-skolni-den-prinesl-spoustu-radosti\/\",\"name\":\"Prvn\u00ed \u0161koln\u00ed den p\u0159inesl spoustu radosti - Z\u00e1kladn\u00ed \u0161kola Wonderland Academy\",\"isPartOf\":{\"@id\":\"https:\/\/www.wonderlandacademy.cz\/#website\"},\"primaryImageOfPage\":{\"@id\":\"https:\/\/www.wonderlandacademy.cz\/2025\/09\/02\/prvni-skolni-den-prinesl-spoustu-radosti\/#primaryimage\"},\"image\":{\"@id\":\"https:\/\/www.wonderlandacademy.cz\/2025\/09\/02\/prvni-skolni-den-prinesl-spoustu-radosti\/#primaryimage\"},\"thumbnailUrl\":\"https:\/\/www.wonderlandacademy.cz\/wp-content\/uploads\/2025\/09\/33-scaled.jpg\",\"datePublished\":\"2025-09-02T05:46:36+00:00\",\"dateModified\":\"2025-09-02T05:46:40+00:00\",\"breadcrumb\":{\"@id\":\"https:\/\/www.wonderlandacademy.cz\/2025\/09\/02\/prvni-skolni-den-prinesl-spoustu-radosti\/#breadcrumb\"},\"inLanguage\":\"en-GB\",\"potentialAction\":[{\"@type\":\"ReadAction\",\"target\":[\"https:\/\/www.wonderlandacademy.cz\/2025\/09\/02\/prvni-skolni-den-prinesl-spoustu-radosti\/\"]}]},{\"@type\":\"ImageObject\",\"inLanguage\":\"en-GB\",\"@id\":\"https:\/\/www.wonderlandacademy.cz\/2025\/09\/02\/prvni-skolni-den-prinesl-spoustu-radosti\/#primaryimage\",\"url\":\"https:\/\/www.wonderlandacademy.cz\/wp-content\/uploads\/2025\/09\/33-scaled.jpg\",\"contentUrl\":\"https:\/\/www.wonderlandacademy.cz\/wp-content\/uploads\/2025\/09\/33-scaled.jpg\",\"width\":2560,\"height\":1707},{\"@type\":\"BreadcrumbList\",\"@id\":\"https:\/\/www.wonderlandacademy.cz\/2025\/09\/02\/prvni-skolni-den-prinesl-spoustu-radosti\/#breadcrumb\",\"itemListElement\":[{\"@type\":\"ListItem\",\"position\":1,\"name\":\"Dom\u016f\",\"item\":\"https:\/\/www.wonderlandacademy.cz\/\"},{\"@type\":\"ListItem\",\"position\":2,\"name\":\"Prvn\u00ed \u0161koln\u00ed den p\u0159inesl spoustu radosti\"}]},{\"@type\":\"WebSite\",\"@id\":\"https:\/\/www.wonderlandacademy.cz\/#website\",\"url\":\"https:\/\/www.wonderlandacademy.cz\/\",\"name\":\"Z\u00e1kladn\u00ed \u0161kola Wonderland Academy\",\"description\":\"Tvo\u0159\u00edme budoucnost Va\u0161ich d\u011bt\u00ed\",\"publisher\":{\"@id\":\"https:\/\/www.wonderlandacademy.cz\/#organization\"},\"potentialAction\":[{\"@type\":\"SearchAction\",\"target\":{\"@type\":\"EntryPoint\",\"urlTemplate\":\"https:\/\/www.wonderlandacademy.cz\/?s={search_term_string}\"},\"query-input\":{\"@type\":\"PropertyValueSpecification\",\"valueRequired\":true,\"valueName\":\"search_term_string\"}}],\"inLanguage\":\"en-GB\"},{\"@type\":\"Organization\",\"@id\":\"https:\/\/www.wonderlandacademy.cz\/#organization\",\"name\":\"Z\u00e1kladn\u00ed \u0161kola Wonderland Academy\",\"url\":\"https:\/\/www.wonderlandacademy.cz\/\",\"logo\":{\"@type\":\"ImageObject\",\"inLanguage\":\"en-GB\",\"@id\":\"https:\/\/www.wonderlandacademy.cz\/#\/schema\/logo\/image\/\",\"url\":\"https:\/\/www.wonderlandacademy.cz\/wp-content\/uploads\/2021\/12\/logo-wa3.svg\",\"contentUrl\":\"https:\/\/www.wonderlandacademy.cz\/wp-content\/uploads\/2021\/12\/logo-wa3.svg\",\"width\":100,\"height\":100,\"caption\":\"Z\u00e1kladn\u00ed \u0161kola Wonderland Academy\"},\"image\":{\"@id\":\"https:\/\/www.wonderlandacademy.cz\/#\/schema\/logo\/image\/\"}},{\"@type\":\"Person\",\"@id\":\"https:\/\/www.wonderlandacademy.cz\/#\/schema\/person\/2d1f118eb23c58d5436f89babdfb30cd\",\"name\":\"Lucie Gaido\u0161ov\u00e1\",\"image\":{\"@type\":\"ImageObject\",\"inLanguage\":\"en-GB\",\"@id\":\"https:\/\/www.wonderlandacademy.cz\/#\/schema\/person\/image\/\",\"url\":\"https:\/\/secure.gravatar.com\/avatar\/267d9a2b02cc8d35f0985ce84d21791bea51d8c8736a7e6fae79e8b38bfca352?s=96&d=mm&r=g\",\"contentUrl\":\"https:\/\/secure.gravatar.com\/avatar\/267d9a2b02cc8d35f0985ce84d21791bea51d8c8736a7e6fae79e8b38bfca352?s=96&d=mm&r=g\",\"caption\":\"Lucie Gaido\u0161ov\u00e1\"},\"url\":\"https:\/\/www.wonderlandacademy.cz\/en\/author\/lucgaidoswonder\/\"}]}<\/script>\n<!-- \/ Yoast SEO plugin. -->","yoast_head_json":{"title":"Prvn\u00ed \u0161koln\u00ed den p\u0159inesl spoustu radosti - Z\u00e1kladn\u00ed \u0161kola Wonderland Academy","robots":{"index":"index","follow":"follow","max-snippet":"max-snippet:-1","max-image-preview":"max-image-preview:large","max-video-preview":"max-video-preview:-1"},"canonical":"https:\/\/www.wonderlandacademy.cz\/en\/2025\/09\/02\/prvni-skolni-den-prinesl-spoustu-radosti\/","og_locale":"en_GB","og_type":"article","og_title":"Prvn\u00ed \u0161koln\u00ed den p\u0159inesl spoustu radosti - Z\u00e1kladn\u00ed \u0161kola Wonderland Academy","og_description":"I letos jsme p\u0159iv\u00edtali v\u0161echny \u017e\u00e1ky Wonderland Academy. U\u017e tradi\u010dn\u011b se uskute\u010dnil i slavnost\u00ed ceremoni\u00e1l, p\u0159i kter\u00e9m jsme p\u0159iv\u00edtali na\u0161e prv\u0148\u00e1\u010dky a nov\u00e9 \u017e\u00e1ky a studenty, kte\u0159\u00ed budou z\u00edsk\u00e1vat cenn\u00e9 znalosti pr\u00e1v\u011b na na\u0161\u00ed \u0161kole. V\u0161em p\u0159ejeme \u00fasp\u011b\u0161n\u00fd start do nov\u00e9ho \u0161koln\u00edho roku!","og_url":"https:\/\/www.wonderlandacademy.cz\/en\/2025\/09\/02\/prvni-skolni-den-prinesl-spoustu-radosti\/","og_site_name":"Z\u00e1kladn\u00ed \u0161kola Wonderland Academy","article_published_time":"2025-09-02T05:46:36+00:00","article_modified_time":"2025-09-02T05:46:40+00:00","og_image":[{"width":2560,"height":1707,"url":"https:\/\/www.wonderlandacademy.cz\/wp-content\/uploads\/2025\/09\/33-scaled.jpg","type":"image\/jpeg"}],"author":"Lucie Gaido\u0161ov\u00e1","twitter_card":"summary_large_image","twitter_misc":{"Written by":"Lucie Gaido\u0161ov\u00e1","Estimated reading time":"2 minutes"},"schema":{"@context":"https:\/\/schema.org","@graph":[{"@type":"Article","@id":"https:\/\/www.wonderlandacademy.cz\/2025\/09\/02\/prvni-skolni-den-prinesl-spoustu-radosti\/#article","isPartOf":{"@id":"https:\/\/www.wonderlandacademy.cz\/2025\/09\/02\/prvni-skolni-den-prinesl-spoustu-radosti\/"},"author":{"name":"Lucie Gaido\u0161ov\u00e1","@id":"https:\/\/www.wonderlandacademy.cz\/#\/schema\/person\/2d1f118eb23c58d5436f89babdfb30cd"},"headline":"Prvn\u00ed \u0161koln\u00ed den p\u0159inesl spoustu radosti","datePublished":"2025-09-02T05:46:36+00:00","dateModified":"2025-09-02T05:46:40+00:00","mainEntityOfPage":{"@id":"https:\/\/www.wonderlandacademy.cz\/2025\/09\/02\/prvni-skolni-den-prinesl-spoustu-radosti\/"},"wordCount":70,"commentCount":0,"publisher":{"@id":"https:\/\/www.wonderlandacademy.cz\/#organization"},"image":{"@id":"https:\/\/www.wonderlandacademy.cz\/2025\/09\/02\/prvni-skolni-den-prinesl-spoustu-radosti\/#primaryimage"},"thumbnailUrl":"https:\/\/www.wonderlandacademy.cz\/wp-content\/uploads\/2025\/09\/33-scaled.jpg","keywords":["Z\u00e1kladn\u00ed \u0161kola","Z\u01602"],"articleSection":["Aktuality"],"inLanguage":"en-GB","potentialAction":[{"@type":"CommentAction","name":"Comment","target":["https:\/\/www.wonderlandacademy.cz\/2025\/09\/02\/prvni-skolni-den-prinesl-spoustu-radosti\/#respond"]}]},{"@type":"WebPage","@id":"https:\/\/www.wonderlandacademy.cz\/2025\/09\/02\/prvni-skolni-den-prinesl-spoustu-radosti\/","url":"https:\/\/www.wonderlandacademy.cz\/2025\/09\/02\/prvni-skolni-den-prinesl-spoustu-radosti\/","name":"Prvn\u00ed \u0161koln\u00ed den p\u0159inesl spoustu radosti - Z\u00e1kladn\u00ed \u0161kola Wonderland Academy","isPartOf":{"@id":"https:\/\/www.wonderlandacademy.cz\/#website"},"primaryImageOfPage":{"@id":"https:\/\/www.wonderlandacademy.cz\/2025\/09\/02\/prvni-skolni-den-prinesl-spoustu-radosti\/#primaryimage"},"image":{"@id":"https:\/\/www.wonderlandacademy.cz\/2025\/09\/02\/prvni-skolni-den-prinesl-spoustu-radosti\/#primaryimage"},"thumbnailUrl":"https:\/\/www.wonderlandacademy.cz\/wp-content\/uploads\/2025\/09\/33-scaled.jpg","datePublished":"2025-09-02T05:46:36+00:00","dateModified":"2025-09-02T05:46:40+00:00","breadcrumb":{"@id":"https:\/\/www.wonderlandacademy.cz\/2025\/09\/02\/prvni-skolni-den-prinesl-spoustu-radosti\/#breadcrumb"},"inLanguage":"en-GB","potentialAction":[{"@type":"ReadAction","target":["https:\/\/www.wonderlandacademy.cz\/2025\/09\/02\/prvni-skolni-den-prinesl-spoustu-radosti\/"]}]},{"@type":"ImageObject","inLanguage":"en-GB","@id":"https:\/\/www.wonderlandacademy.cz\/2025\/09\/02\/prvni-skolni-den-prinesl-spoustu-radosti\/#primaryimage","url":"https:\/\/www.wonderlandacademy.cz\/wp-content\/uploads\/2025\/09\/33-scaled.jpg","contentUrl":"https:\/\/www.wonderlandacademy.cz\/wp-content\/uploads\/2025\/09\/33-scaled.jpg","width":2560,"height":1707},{"@type":"BreadcrumbList","@id":"https:\/\/www.wonderlandacademy.cz\/2025\/09\/02\/prvni-skolni-den-prinesl-spoustu-radosti\/#breadcrumb","itemListElement":[{"@type":"ListItem","position":1,"name":"Dom\u016f","item":"https:\/\/www.wonderlandacademy.cz\/"},{"@type":"ListItem","position":2,"name":"Prvn\u00ed \u0161koln\u00ed den p\u0159inesl spoustu radosti"}]},{"@type":"WebSite","@id":"https:\/\/www.wonderlandacademy.cz\/#website","url":"https:\/\/www.wonderlandacademy.cz\/","name":"Z\u00e1kladn\u00ed \u0161kola Wonderland Academy","description":"Tvo\u0159\u00edme budoucnost Va\u0161ich d\u011bt\u00ed","publisher":{"@id":"https:\/\/www.wonderlandacademy.cz\/#organization"},"potentialAction":[{"@type":"SearchAction","target":{"@type":"EntryPoint","urlTemplate":"https:\/\/www.wonderlandacademy.cz\/?s={search_term_string}"},"query-input":{"@type":"PropertyValueSpecification","valueRequired":true,"valueName":"search_term_string"}}],"inLanguage":"en-GB"},{"@type":"Organization","@id":"https:\/\/www.wonderlandacademy.cz\/#organization","name":"Z\u00e1kladn\u00ed \u0161kola Wonderland Academy","url":"https:\/\/www.wonderlandacademy.cz\/","logo":{"@type":"ImageObject","inLanguage":"en-GB","@id":"https:\/\/www.wonderlandacademy.cz\/#\/schema\/logo\/image\/","url":"https:\/\/www.wonderlandacademy.cz\/wp-content\/uploads\/2021\/12\/logo-wa3.svg","contentUrl":"https:\/\/www.wonderlandacademy.cz\/wp-content\/uploads\/2021\/12\/logo-wa3.svg","width":100,"height":100,"caption":"Z\u00e1kladn\u00ed \u0161kola Wonderland Academy"},"image":{"@id":"https:\/\/www.wonderlandacademy.cz\/#\/schema\/logo\/image\/"}},{"@type":"Person","@id":"https:\/\/www.wonderlandacademy.cz\/#\/schema\/person\/2d1f118eb23c58d5436f89babdfb30cd","name":"Lucie Gaido\u0161ov\u00e1","image":{"@type":"ImageObject","inLanguage":"en-GB","@id":"https:\/\/www.wonderlandacademy.cz\/#\/schema\/person\/image\/","url":"https:\/\/secure.gravatar.com\/avatar\/267d9a2b02cc8d35f0985ce84d21791bea51d8c8736a7e6fae79e8b38bfca352?s=96&d=mm&r=g","contentUrl":"https:\/\/secure.gravatar.com\/avatar\/267d9a2b02cc8d35f0985ce84d21791bea51d8c8736a7e6fae79e8b38bfca352?s=96&d=mm&r=g","caption":"Lucie Gaido\u0161ov\u00e1"},"url":"https:\/\/www.wonderlandacademy.cz\/en\/author\/lucgaidoswonder\/"}]}},"publishpress_future_action":{"enabled":false,"date":"2026-05-10 17:36:47","action":"change-status","newStatus":"draft","terms":[],"taxonomy":"category"},"publishpress_future_workflow_manual_trigger":{"enabledWorkflows":[]},"_links":{"self":[{"href":"https:\/\/www.wonderlandacademy.cz\/en\/wp-json\/wp\/v2\/posts\/14258","targetHints":{"allow":["GET"]}}],"collection":[{"href":"https:\/\/www.wonderlandacademy.cz\/en\/wp-json\/wp\/v2\/posts"}],"about":[{"href":"https:\/\/www.wonderlandacademy.cz\/en\/wp-json\/wp\/v2\/types\/post"}],"author":[{"embeddable":true,"href":"https:\/\/www.wonderlandacademy.cz\/en\/wp-json\/wp\/v2\/users\/10"}],"replies":[{"embeddable":true,"href":"https:\/\/www.wonderlandacademy.cz\/en\/wp-json\/wp\/v2\/comments?post=14258"}],"version-history":[{"count":1,"href":"https:\/\/www.wonderlandacademy.cz\/en\/wp-json\/wp\/v2\/posts\/14258\/revisions"}],"predecessor-version":[{"id":14267,"href":"https:\/\/www.wonderlandacademy.cz\/en\/wp-json\/wp\/v2\/posts\/14258\/revisions\/14267"}],"wp:featuredmedia":[{"embeddable":true,"href":"https:\/\/www.wonderlandacademy.cz\/en\/wp-json\/wp\/v2\/media\/14259"}],"wp:attachment":[{"href":"https:\/\/www.wonderlandacademy.cz\/en\/wp-json\/wp\/v2\/media?parent=14258"}],"wp:term":[{"taxonomy":"category","embeddable":true,"href":"https:\/\/www.wonderlandacademy.cz\/en\/wp-json\/wp\/v2\/categories?post=14258"},{"taxonomy":"post_tag","embeddable":true,"href":"https:\/\/www.wonderlandacademy.cz\/en\/wp-json\/wp\/v2\/tags?post=14258"}],"curies":[{"name":"wp","href":"https:\/\/api.w.org\/{rel}","templated":true}]}}