{"id":13801,"date":"2025-06-09T13:47:31","date_gmt":"2025-06-09T11:47:31","guid":{"rendered":"https:\/\/www.wonderlandacademy.cz\/?p=13801"},"modified":"2025-06-09T13:52:32","modified_gmt":"2025-06-09T11:52:32","slug":"mesicni-kalendare-cerven-2","status":"publish","type":"post","link":"https:\/\/www.wonderlandacademy.cz\/en\/2025\/06\/09\/mesicni-kalendare-cerven-2\/","title":{"rendered":"M\u011bs\u00ed\u010dn\u00ed kalend\u00e1\u0159e &#8211; \u010cerven"},"content":{"rendered":"<p>Dear Wonderland parents, <br>zde se dozv\u00edte co v\u0161e n\u00e1s \u010dek\u00e1 v \u010dervnu.<\/p>\n\n\n\n<figure class=\"wp-block-image size-large\"><img fetchpriority=\"high\" decoding=\"async\" width=\"1024\" height=\"709\" src=\"https:\/\/www.wonderlandacademy.cz\/wp-content\/uploads\/2025\/06\/June-Hrncire-1024x709.jpg\" alt=\"\" class=\"wp-image-13802\" srcset=\"https:\/\/www.wonderlandacademy.cz\/wp-content\/uploads\/2025\/06\/June-Hrncire-1024x709.jpg 1024w, https:\/\/www.wonderlandacademy.cz\/wp-content\/uploads\/2025\/06\/June-Hrncire-300x208.jpg 300w, https:\/\/www.wonderlandacademy.cz\/wp-content\/uploads\/2025\/06\/June-Hrncire-768x532.jpg 768w, https:\/\/www.wonderlandacademy.cz\/wp-content\/uploads\/2025\/06\/June-Hrncire-18x12.jpg 18w, https:\/\/www.wonderlandacademy.cz\/wp-content\/uploads\/2025\/06\/June-Hrncire.jpg 1040w\" sizes=\"(max-width: 1024px) 100vw, 1024px\" \/><\/figure>\n\n\n\n<figure class=\"wp-block-image size-large\"><img decoding=\"async\" width=\"1024\" height=\"709\" src=\"https:\/\/www.wonderlandacademy.cz\/wp-content\/uploads\/2025\/06\/June-Libus-1024x709.jpg\" alt=\"\" class=\"wp-image-13803\" srcset=\"https:\/\/www.wonderlandacademy.cz\/wp-content\/uploads\/2025\/06\/June-Libus-1024x709.jpg 1024w, https:\/\/www.wonderlandacademy.cz\/wp-content\/uploads\/2025\/06\/June-Libus-300x208.jpg 300w, https:\/\/www.wonderlandacademy.cz\/wp-content\/uploads\/2025\/06\/June-Libus-768x532.jpg 768w, https:\/\/www.wonderlandacademy.cz\/wp-content\/uploads\/2025\/06\/June-Libus-18x12.jpg 18w, https:\/\/www.wonderlandacademy.cz\/wp-content\/uploads\/2025\/06\/June-Libus.jpg 1040w\" sizes=\"(max-width: 1024px) 100vw, 1024px\" \/><\/figure>\n\n\n\n<figure class=\"wp-block-image size-large\"><img decoding=\"async\" width=\"1024\" height=\"709\" src=\"https:\/\/www.wonderlandacademy.cz\/wp-content\/uploads\/2025\/06\/June-Haje-1024x709.jpg\" alt=\"\" class=\"wp-image-13804\" srcset=\"https:\/\/www.wonderlandacademy.cz\/wp-content\/uploads\/2025\/06\/June-Haje-1024x709.jpg 1024w, https:\/\/www.wonderlandacademy.cz\/wp-content\/uploads\/2025\/06\/June-Haje-300x208.jpg 300w, https:\/\/www.wonderlandacademy.cz\/wp-content\/uploads\/2025\/06\/June-Haje-768x532.jpg 768w, https:\/\/www.wonderlandacademy.cz\/wp-content\/uploads\/2025\/06\/June-Haje-18x12.jpg 18w, https:\/\/www.wonderlandacademy.cz\/wp-content\/uploads\/2025\/06\/June-Haje.jpg 1040w\" sizes=\"(max-width: 1024px) 100vw, 1024px\" \/><\/figure>\n\n\n\n<p><\/p>","protected":false},"excerpt":{"rendered":"<p>V\u00e1\u017een\u00ed Wonderland rodi\u010de, zde se dozv\u00edte co v\u0161e n\u00e1s \u010dek\u00e1 v \u010dervnu.<\/p>","protected":false},"author":3,"featured_media":10834,"comment_status":"open","ping_status":"open","sticky":false,"template":"","format":"standard","meta":{"footnotes":""},"categories":[8],"tags":[14],"class_list":["post-13801","post","type-post","status-publish","format-standard","has-post-thumbnail","hentry","category-aktuality","tag-ms"],"yoast_head":"<!-- This site is optimized with the Yoast SEO plugin v24.3 - https:\/\/yoast.com\/wordpress\/plugins\/seo\/ -->\n<title>M\u011bs\u00ed\u010dn\u00ed kalend\u00e1\u0159e - \u010cerven - Z\u00e1kladn\u00ed \u0161kola Wonderland Academy<\/title>\n<meta name=\"robots\" content=\"index, follow, max-snippet:-1, max-image-preview:large, max-video-preview:-1\" \/>\n<link rel=\"canonical\" href=\"https:\/\/www.wonderlandacademy.cz\/en\/2025\/06\/09\/mesicni-kalendare-cerven-2\/\" \/>\n<meta property=\"og:locale\" content=\"en_GB\" \/>\n<meta property=\"og:type\" content=\"article\" \/>\n<meta property=\"og:title\" content=\"M\u011bs\u00ed\u010dn\u00ed kalend\u00e1\u0159e - \u010cerven - Z\u00e1kladn\u00ed \u0161kola Wonderland Academy\" \/>\n<meta property=\"og:description\" content=\"V\u00e1\u017een\u00ed Wonderland rodi\u010de, zde se dozv\u00edte co v\u0161e n\u00e1s \u010dek\u00e1 v \u010dervnu.\" \/>\n<meta property=\"og:url\" content=\"https:\/\/www.wonderlandacademy.cz\/en\/2025\/06\/09\/mesicni-kalendare-cerven-2\/\" \/>\n<meta property=\"og:site_name\" content=\"Z\u00e1kladn\u00ed \u0161kola Wonderland Academy\" \/>\n<meta property=\"article:published_time\" content=\"2025-06-09T11:47:31+00:00\" \/>\n<meta property=\"article:modified_time\" content=\"2025-06-09T11:52:32+00:00\" \/>\n<meta property=\"og:image\" content=\"https:\/\/www.wonderlandacademy.cz\/wp-content\/uploads\/2024\/06\/june-1024x726.png\" \/>\n\t<meta property=\"og:image:width\" content=\"1024\" \/>\n\t<meta property=\"og:image:height\" content=\"726\" \/>\n\t<meta property=\"og:image:type\" content=\"image\/png\" \/>\n<meta name=\"author\" content=\"\u0160koln\u00ed p\u0159\u00edstup 1\" \/>\n<meta name=\"twitter:card\" content=\"summary_large_image\" \/>\n<meta name=\"twitter:label1\" content=\"Written by\" \/>\n\t<meta name=\"twitter:data1\" content=\"\u0160koln\u00ed p\u0159\u00edstup 1\" \/>\n\t<meta name=\"twitter:label2\" content=\"Estimated reading time\" \/>\n\t<meta name=\"twitter:data2\" content=\"1 minute\" \/>\n<script type=\"application\/ld+json\" class=\"yoast-schema-graph\">{\"@context\":\"https:\/\/schema.org\",\"@graph\":[{\"@type\":\"Article\",\"@id\":\"https:\/\/www.wonderlandacademy.cz\/2025\/06\/09\/mesicni-kalendare-cerven-2\/#article\",\"isPartOf\":{\"@id\":\"https:\/\/www.wonderlandacademy.cz\/2025\/06\/09\/mesicni-kalendare-cerven-2\/\"},\"author\":{\"name\":\"\u0160koln\u00ed p\u0159\u00edstup 1\",\"@id\":\"https:\/\/www.wonderlandacademy.cz\/#\/schema\/person\/9bd1ee2d86c49def6837ee1b62994baf\"},\"headline\":\"M\u011bs\u00ed\u010dn\u00ed kalend\u00e1\u0159e &#8211; \u010cerven\",\"datePublished\":\"2025-06-09T11:47:31+00:00\",\"dateModified\":\"2025-06-09T11:52:32+00:00\",\"mainEntityOfPage\":{\"@id\":\"https:\/\/www.wonderlandacademy.cz\/2025\/06\/09\/mesicni-kalendare-cerven-2\/\"},\"wordCount\":24,\"commentCount\":0,\"publisher\":{\"@id\":\"https:\/\/www.wonderlandacademy.cz\/#organization\"},\"image\":{\"@id\":\"https:\/\/www.wonderlandacademy.cz\/2025\/06\/09\/mesicni-kalendare-cerven-2\/#primaryimage\"},\"thumbnailUrl\":\"https:\/\/www.wonderlandacademy.cz\/wp-content\/uploads\/2024\/06\/june.png\",\"keywords\":[\"Jesle a M\u0160\"],\"articleSection\":[\"Aktuality\"],\"inLanguage\":\"en-GB\",\"potentialAction\":[{\"@type\":\"CommentAction\",\"name\":\"Comment\",\"target\":[\"https:\/\/www.wonderlandacademy.cz\/2025\/06\/09\/mesicni-kalendare-cerven-2\/#respond\"]}]},{\"@type\":\"WebPage\",\"@id\":\"https:\/\/www.wonderlandacademy.cz\/2025\/06\/09\/mesicni-kalendare-cerven-2\/\",\"url\":\"https:\/\/www.wonderlandacademy.cz\/2025\/06\/09\/mesicni-kalendare-cerven-2\/\",\"name\":\"M\u011bs\u00ed\u010dn\u00ed kalend\u00e1\u0159e - \u010cerven - Z\u00e1kladn\u00ed \u0161kola Wonderland Academy\",\"isPartOf\":{\"@id\":\"https:\/\/www.wonderlandacademy.cz\/#website\"},\"primaryImageOfPage\":{\"@id\":\"https:\/\/www.wonderlandacademy.cz\/2025\/06\/09\/mesicni-kalendare-cerven-2\/#primaryimage\"},\"image\":{\"@id\":\"https:\/\/www.wonderlandacademy.cz\/2025\/06\/09\/mesicni-kalendare-cerven-2\/#primaryimage\"},\"thumbnailUrl\":\"https:\/\/www.wonderlandacademy.cz\/wp-content\/uploads\/2024\/06\/june.png\",\"datePublished\":\"2025-06-09T11:47:31+00:00\",\"dateModified\":\"2025-06-09T11:52:32+00:00\",\"breadcrumb\":{\"@id\":\"https:\/\/www.wonderlandacademy.cz\/2025\/06\/09\/mesicni-kalendare-cerven-2\/#breadcrumb\"},\"inLanguage\":\"en-GB\",\"potentialAction\":[{\"@type\":\"ReadAction\",\"target\":[\"https:\/\/www.wonderlandacademy.cz\/2025\/06\/09\/mesicni-kalendare-cerven-2\/\"]}]},{\"@type\":\"ImageObject\",\"inLanguage\":\"en-GB\",\"@id\":\"https:\/\/www.wonderlandacademy.cz\/2025\/06\/09\/mesicni-kalendare-cerven-2\/#primaryimage\",\"url\":\"https:\/\/www.wonderlandacademy.cz\/wp-content\/uploads\/2024\/06\/june.png\",\"contentUrl\":\"https:\/\/www.wonderlandacademy.cz\/wp-content\/uploads\/2024\/06\/june.png\",\"width\":1748,\"height\":1240},{\"@type\":\"BreadcrumbList\",\"@id\":\"https:\/\/www.wonderlandacademy.cz\/2025\/06\/09\/mesicni-kalendare-cerven-2\/#breadcrumb\",\"itemListElement\":[{\"@type\":\"ListItem\",\"position\":1,\"name\":\"Dom\u016f\",\"item\":\"https:\/\/www.wonderlandacademy.cz\/\"},{\"@type\":\"ListItem\",\"position\":2,\"name\":\"M\u011bs\u00ed\u010dn\u00ed kalend\u00e1\u0159e &#8211; \u010cerven\"}]},{\"@type\":\"WebSite\",\"@id\":\"https:\/\/www.wonderlandacademy.cz\/#website\",\"url\":\"https:\/\/www.wonderlandacademy.cz\/\",\"name\":\"Z\u00e1kladn\u00ed \u0161kola Wonderland Academy\",\"description\":\"Tvo\u0159\u00edme budoucnost Va\u0161ich d\u011bt\u00ed\",\"publisher\":{\"@id\":\"https:\/\/www.wonderlandacademy.cz\/#organization\"},\"potentialAction\":[{\"@type\":\"SearchAction\",\"target\":{\"@type\":\"EntryPoint\",\"urlTemplate\":\"https:\/\/www.wonderlandacademy.cz\/?s={search_term_string}\"},\"query-input\":{\"@type\":\"PropertyValueSpecification\",\"valueRequired\":true,\"valueName\":\"search_term_string\"}}],\"inLanguage\":\"en-GB\"},{\"@type\":\"Organization\",\"@id\":\"https:\/\/www.wonderlandacademy.cz\/#organization\",\"name\":\"Z\u00e1kladn\u00ed \u0161kola Wonderland Academy\",\"url\":\"https:\/\/www.wonderlandacademy.cz\/\",\"logo\":{\"@type\":\"ImageObject\",\"inLanguage\":\"en-GB\",\"@id\":\"https:\/\/www.wonderlandacademy.cz\/#\/schema\/logo\/image\/\",\"url\":\"https:\/\/www.wonderlandacademy.cz\/wp-content\/uploads\/2021\/12\/logo-wa3.svg\",\"contentUrl\":\"https:\/\/www.wonderlandacademy.cz\/wp-content\/uploads\/2021\/12\/logo-wa3.svg\",\"width\":100,\"height\":100,\"caption\":\"Z\u00e1kladn\u00ed \u0161kola Wonderland Academy\"},\"image\":{\"@id\":\"https:\/\/www.wonderlandacademy.cz\/#\/schema\/logo\/image\/\"}},{\"@type\":\"Person\",\"@id\":\"https:\/\/www.wonderlandacademy.cz\/#\/schema\/person\/9bd1ee2d86c49def6837ee1b62994baf\",\"name\":\"\u0160koln\u00ed p\u0159\u00edstup 1\",\"image\":{\"@type\":\"ImageObject\",\"inLanguage\":\"en-GB\",\"@id\":\"https:\/\/www.wonderlandacademy.cz\/#\/schema\/person\/image\/\",\"url\":\"https:\/\/secure.gravatar.com\/avatar\/792b18a149dcd1616fc6ad8636af689ac3798be6c578fc8782f297f350d14d25?s=96&d=mm&r=g\",\"contentUrl\":\"https:\/\/secure.gravatar.com\/avatar\/792b18a149dcd1616fc6ad8636af689ac3798be6c578fc8782f297f350d14d25?s=96&d=mm&r=g\",\"caption\":\"\u0160koln\u00ed p\u0159\u00edstup 1\"},\"url\":\"https:\/\/www.wonderlandacademy.cz\/en\/author\/waadmin1\/\"}]}<\/script>\n<!-- \/ Yoast SEO plugin. -->","yoast_head_json":{"title":"M\u011bs\u00ed\u010dn\u00ed kalend\u00e1\u0159e - \u010cerven - Z\u00e1kladn\u00ed \u0161kola Wonderland Academy","robots":{"index":"index","follow":"follow","max-snippet":"max-snippet:-1","max-image-preview":"max-image-preview:large","max-video-preview":"max-video-preview:-1"},"canonical":"https:\/\/www.wonderlandacademy.cz\/en\/2025\/06\/09\/mesicni-kalendare-cerven-2\/","og_locale":"en_GB","og_type":"article","og_title":"M\u011bs\u00ed\u010dn\u00ed kalend\u00e1\u0159e - \u010cerven - Z\u00e1kladn\u00ed \u0161kola Wonderland Academy","og_description":"V\u00e1\u017een\u00ed Wonderland rodi\u010de, zde se dozv\u00edte co v\u0161e n\u00e1s \u010dek\u00e1 v \u010dervnu.","og_url":"https:\/\/www.wonderlandacademy.cz\/en\/2025\/06\/09\/mesicni-kalendare-cerven-2\/","og_site_name":"Z\u00e1kladn\u00ed \u0161kola Wonderland Academy","article_published_time":"2025-06-09T11:47:31+00:00","article_modified_time":"2025-06-09T11:52:32+00:00","og_image":[{"width":1024,"height":726,"url":"https:\/\/www.wonderlandacademy.cz\/wp-content\/uploads\/2024\/06\/june-1024x726.png","type":"image\/png"}],"author":"\u0160koln\u00ed p\u0159\u00edstup 1","twitter_card":"summary_large_image","twitter_misc":{"Written by":"\u0160koln\u00ed p\u0159\u00edstup 1","Estimated reading time":"1 minute"},"schema":{"@context":"https:\/\/schema.org","@graph":[{"@type":"Article","@id":"https:\/\/www.wonderlandacademy.cz\/2025\/06\/09\/mesicni-kalendare-cerven-2\/#article","isPartOf":{"@id":"https:\/\/www.wonderlandacademy.cz\/2025\/06\/09\/mesicni-kalendare-cerven-2\/"},"author":{"name":"\u0160koln\u00ed p\u0159\u00edstup 1","@id":"https:\/\/www.wonderlandacademy.cz\/#\/schema\/person\/9bd1ee2d86c49def6837ee1b62994baf"},"headline":"M\u011bs\u00ed\u010dn\u00ed kalend\u00e1\u0159e &#8211; \u010cerven","datePublished":"2025-06-09T11:47:31+00:00","dateModified":"2025-06-09T11:52:32+00:00","mainEntityOfPage":{"@id":"https:\/\/www.wonderlandacademy.cz\/2025\/06\/09\/mesicni-kalendare-cerven-2\/"},"wordCount":24,"commentCount":0,"publisher":{"@id":"https:\/\/www.wonderlandacademy.cz\/#organization"},"image":{"@id":"https:\/\/www.wonderlandacademy.cz\/2025\/06\/09\/mesicni-kalendare-cerven-2\/#primaryimage"},"thumbnailUrl":"https:\/\/www.wonderlandacademy.cz\/wp-content\/uploads\/2024\/06\/june.png","keywords":["Jesle a M\u0160"],"articleSection":["Aktuality"],"inLanguage":"en-GB","potentialAction":[{"@type":"CommentAction","name":"Comment","target":["https:\/\/www.wonderlandacademy.cz\/2025\/06\/09\/mesicni-kalendare-cerven-2\/#respond"]}]},{"@type":"WebPage","@id":"https:\/\/www.wonderlandacademy.cz\/2025\/06\/09\/mesicni-kalendare-cerven-2\/","url":"https:\/\/www.wonderlandacademy.cz\/2025\/06\/09\/mesicni-kalendare-cerven-2\/","name":"M\u011bs\u00ed\u010dn\u00ed kalend\u00e1\u0159e - \u010cerven - Z\u00e1kladn\u00ed \u0161kola Wonderland Academy","isPartOf":{"@id":"https:\/\/www.wonderlandacademy.cz\/#website"},"primaryImageOfPage":{"@id":"https:\/\/www.wonderlandacademy.cz\/2025\/06\/09\/mesicni-kalendare-cerven-2\/#primaryimage"},"image":{"@id":"https:\/\/www.wonderlandacademy.cz\/2025\/06\/09\/mesicni-kalendare-cerven-2\/#primaryimage"},"thumbnailUrl":"https:\/\/www.wonderlandacademy.cz\/wp-content\/uploads\/2024\/06\/june.png","datePublished":"2025-06-09T11:47:31+00:00","dateModified":"2025-06-09T11:52:32+00:00","breadcrumb":{"@id":"https:\/\/www.wonderlandacademy.cz\/2025\/06\/09\/mesicni-kalendare-cerven-2\/#breadcrumb"},"inLanguage":"en-GB","potentialAction":[{"@type":"ReadAction","target":["https:\/\/www.wonderlandacademy.cz\/2025\/06\/09\/mesicni-kalendare-cerven-2\/"]}]},{"@type":"ImageObject","inLanguage":"en-GB","@id":"https:\/\/www.wonderlandacademy.cz\/2025\/06\/09\/mesicni-kalendare-cerven-2\/#primaryimage","url":"https:\/\/www.wonderlandacademy.cz\/wp-content\/uploads\/2024\/06\/june.png","contentUrl":"https:\/\/www.wonderlandacademy.cz\/wp-content\/uploads\/2024\/06\/june.png","width":1748,"height":1240},{"@type":"BreadcrumbList","@id":"https:\/\/www.wonderlandacademy.cz\/2025\/06\/09\/mesicni-kalendare-cerven-2\/#breadcrumb","itemListElement":[{"@type":"ListItem","position":1,"name":"Dom\u016f","item":"https:\/\/www.wonderlandacademy.cz\/"},{"@type":"ListItem","position":2,"name":"M\u011bs\u00ed\u010dn\u00ed kalend\u00e1\u0159e &#8211; \u010cerven"}]},{"@type":"WebSite","@id":"https:\/\/www.wonderlandacademy.cz\/#website","url":"https:\/\/www.wonderlandacademy.cz\/","name":"Z\u00e1kladn\u00ed \u0161kola Wonderland Academy","description":"Tvo\u0159\u00edme budoucnost Va\u0161ich d\u011bt\u00ed","publisher":{"@id":"https:\/\/www.wonderlandacademy.cz\/#organization"},"potentialAction":[{"@type":"SearchAction","target":{"@type":"EntryPoint","urlTemplate":"https:\/\/www.wonderlandacademy.cz\/?s={search_term_string}"},"query-input":{"@type":"PropertyValueSpecification","valueRequired":true,"valueName":"search_term_string"}}],"inLanguage":"en-GB"},{"@type":"Organization","@id":"https:\/\/www.wonderlandacademy.cz\/#organization","name":"Z\u00e1kladn\u00ed \u0161kola Wonderland Academy","url":"https:\/\/www.wonderlandacademy.cz\/","logo":{"@type":"ImageObject","inLanguage":"en-GB","@id":"https:\/\/www.wonderlandacademy.cz\/#\/schema\/logo\/image\/","url":"https:\/\/www.wonderlandacademy.cz\/wp-content\/uploads\/2021\/12\/logo-wa3.svg","contentUrl":"https:\/\/www.wonderlandacademy.cz\/wp-content\/uploads\/2021\/12\/logo-wa3.svg","width":100,"height":100,"caption":"Z\u00e1kladn\u00ed \u0161kola Wonderland Academy"},"image":{"@id":"https:\/\/www.wonderlandacademy.cz\/#\/schema\/logo\/image\/"}},{"@type":"Person","@id":"https:\/\/www.wonderlandacademy.cz\/#\/schema\/person\/9bd1ee2d86c49def6837ee1b62994baf","name":"\u0160koln\u00ed p\u0159\u00edstup 1","image":{"@type":"ImageObject","inLanguage":"en-GB","@id":"https:\/\/www.wonderlandacademy.cz\/#\/schema\/person\/image\/","url":"https:\/\/secure.gravatar.com\/avatar\/792b18a149dcd1616fc6ad8636af689ac3798be6c578fc8782f297f350d14d25?s=96&d=mm&r=g","contentUrl":"https:\/\/secure.gravatar.com\/avatar\/792b18a149dcd1616fc6ad8636af689ac3798be6c578fc8782f297f350d14d25?s=96&d=mm&r=g","caption":"\u0160koln\u00ed p\u0159\u00edstup 1"},"url":"https:\/\/www.wonderlandacademy.cz\/en\/author\/waadmin1\/"}]}},"publishpress_future_action":{"enabled":false,"date":"2026-05-10 11:02:50","action":"change-status","newStatus":"draft","terms":[],"taxonomy":"category"},"publishpress_future_workflow_manual_trigger":{"enabledWorkflows":[]},"_links":{"self":[{"href":"https:\/\/www.wonderlandacademy.cz\/en\/wp-json\/wp\/v2\/posts\/13801","targetHints":{"allow":["GET"]}}],"collection":[{"href":"https:\/\/www.wonderlandacademy.cz\/en\/wp-json\/wp\/v2\/posts"}],"about":[{"href":"https:\/\/www.wonderlandacademy.cz\/en\/wp-json\/wp\/v2\/types\/post"}],"author":[{"embeddable":true,"href":"https:\/\/www.wonderlandacademy.cz\/en\/wp-json\/wp\/v2\/users\/3"}],"replies":[{"embeddable":true,"href":"https:\/\/www.wonderlandacademy.cz\/en\/wp-json\/wp\/v2\/comments?post=13801"}],"version-history":[{"count":3,"href":"https:\/\/www.wonderlandacademy.cz\/en\/wp-json\/wp\/v2\/posts\/13801\/revisions"}],"predecessor-version":[{"id":13808,"href":"https:\/\/www.wonderlandacademy.cz\/en\/wp-json\/wp\/v2\/posts\/13801\/revisions\/13808"}],"wp:featuredmedia":[{"embeddable":true,"href":"https:\/\/www.wonderlandacademy.cz\/en\/wp-json\/wp\/v2\/media\/10834"}],"wp:attachment":[{"href":"https:\/\/www.wonderlandacademy.cz\/en\/wp-json\/wp\/v2\/media?parent=13801"}],"wp:term":[{"taxonomy":"category","embeddable":true,"href":"https:\/\/www.wonderlandacademy.cz\/en\/wp-json\/wp\/v2\/categories?post=13801"},{"taxonomy":"post_tag","embeddable":true,"href":"https:\/\/www.wonderlandacademy.cz\/en\/wp-json\/wp\/v2\/tags?post=13801"}],"curies":[{"name":"wp","href":"https:\/\/api.w.org\/{rel}","templated":true}]}}